{"id":899,"date":"2015-04-21T20:31:40","date_gmt":"2015-04-21T18:31:40","guid":{"rendered":"http:\/\/waldkritik.de\/?p=899"},"modified":"2016-07-30T09:41:30","modified_gmt":"2016-07-30T07:41:30","slug":"vom-verschwinden-einer-kostbarkeit","status":"publish","type":"post","link":"https:\/\/waldkritik.de\/?p=899","title":{"rendered":"Vom Verschwinden einer Kostbarkeit"},"content":{"rendered":"<p>Liebe Freunde der Initiative &#8220;Waldkritik&#8221;<\/p>\n<p style=\"text-align: justify;\">nachfolgenden Leserbrief von Herrn Dr. Dietzfelbinger aus T\u00fcbingen haben wir letzte Woche im Schw\u00e4bischen Tagblatt entdeckt, jetzt haben wir die Genehmigung bekommen, diesen auf unserer Seite zu ver\u00f6ffentlichen, bitte klicken Sie einfach auf\u00a0<!--more--><\/p>\n<p style=\"text-align: justify;\">Vom Verschwinden einer Kostbarkeit<\/p>\n<p style=\"text-align: justify;\">Wer unter den T\u00fcbinger B\u00fcrgern kennt den Herrengartenweg? Er zieht sich ganz nahe an Bebenhausen etwas oberhalb des Goldersbachs ungef\u00e4hr 300 m entlang und m\u00fcndet dann in die Forststra\u00dfe des Arbeitsdienstwegs. Bis vor kurzem war das einer der sch\u00f6nsten Wege im Sch\u00f6nbuch. Man wanderte auf einem einsamen Forstpfad, ungef\u00e4hr 2 m breit, von jungem und altem Laubwald umgeben, von dichtem Rasen bedeckt, und der Wanderer h\u00f6rte kaum die eigenen Schritte. In tiefer Stille konnte man die Erholung erfahren, die nur ein\u00a0 solcher Wald erleben l\u00e4\u00dft.<br \/>\nDamit ist es jetzt vorbei. Die Forstwirtschaft hat aus dem schmalen Pfad eine 3 bis 4 m breite, musterg\u00fcltig ausgebaute Forststra\u00dfe gemacht, auf der k\u00fcnftig Gro\u00dfmaschinen ihre Wirkung aus\u00fcben k\u00f6nnen; sie werden den Boden verdichten, das Leben im Boden ersticken, die Wasserl\u00e4ufe wegdr\u00fccken, und die Randb\u00e4ume werden verk\u00fcmmern. Die neue Forststra\u00dfe wird zudem rechts und links noch von einem bis zu 2 m breiten abgeholzten Streifen begleitet. Insgesamt hat die rigorose Abholzung den einstigen schmalen Waldweg in eine 7 bis 8 m breite Schneise umgewandelt.<br \/>\nAn diesem Werk unserer Forstwirtschaft k\u00f6nnen die T\u00fcbinger den Sch\u00f6nbuch der Zukunft besichtigen. Denn was mit dem Herrengartenweg passiert ist, wird St\u00fcck f\u00fcr St\u00fcck auch anderswo im Sch\u00f6nbuch passieren. Am Ende der Entwicklung, die l\u00e4ngst begonnen hat, steht der maschinengerechte Wald, in dem nicht die gesund machenden Kr\u00e4fte des Waldes regieren, sondern der L\u00e4rm und das Stampfen der Gro\u00dfmaschinen. Dieser Wald wird mit dem Sch\u00f6nbuch, wie der B\u00fcrger ihn liebt und den er braucht, wenig mehr zu tun haben.<\/p>\n<p>Dr. Chr. Dietzfelbinger, T\u00fcbingen<\/p>\n","protected":false},"excerpt":{"rendered":"<p>Liebe Freunde der Initiative &#8220;Waldkritik&#8221; nachfolgenden Leserbrief von Herrn Dr. Dietzfelbinger aus T\u00fcbingen haben wir letzte Woche im Schw\u00e4bischen Tagblatt entdeckt, jetzt haben wir die Genehmigung bekommen, diesen auf unserer Seite zu ver\u00f6ffentlichen, bitte klicken Sie einfach auf\u00a0<\/p>\n","protected":false},"author":1,"featured_media":0,"comment_status":"open","ping_status":"closed","sticky":false,"template":"","format":"standard","meta":{"footnotes":""},"categories":[5],"tags":[516,515,29,514,519,518,114,356,517],"class_list":["post-899","post","type-post","status-publish","format-standard","hentry","category-schoenbuch","tag-bodenleben","tag-dr-christian-dietzfelbinger","tag-forstwirtschaft","tag-leserbrief","tag-maschinengerechter-wald","tag-randbaeume","tag-schoenbuch","tag-schwaebisches-tagblatt","tag-wasserlaeufe"],"_links":{"self":[{"href":"https:\/\/waldkritik.de\/index.php?rest_route=\/wp\/v2\/posts\/899","targetHints":{"allow":["GET"]}}],"collection":[{"href":"https:\/\/waldkritik.de\/index.php?rest_route=\/wp\/v2\/posts"}],"about":[{"href":"https:\/\/waldkritik.de\/index.php?rest_route=\/wp\/v2\/types\/post"}],"author":[{"embeddable":true,"href":"https:\/\/waldkritik.de\/index.php?rest_route=\/wp\/v2\/users\/1"}],"replies":[{"embeddable":true,"href":"https:\/\/waldkritik.de\/index.php?rest_route=%2Fwp%2Fv2%2Fcomments&post=899"}],"version-history":[{"count":4,"href":"https:\/\/waldkritik.de\/index.php?rest_route=\/wp\/v2\/posts\/899\/revisions"}],"predecessor-version":[{"id":903,"href":"https:\/\/waldkritik.de\/index.php?rest_route=\/wp\/v2\/posts\/899\/revisions\/903"}],"wp:attachment":[{"href":"https:\/\/waldkritik.de\/index.php?rest_route=%2Fwp%2Fv2%2Fmedia&parent=899"}],"wp:term":[{"taxonomy":"category","embeddable":true,"href":"https:\/\/waldkritik.de\/index.php?rest_route=%2Fwp%2Fv2%2Fcategories&post=899"},{"taxonomy":"post_tag","embeddable":true,"href":"https:\/\/waldkritik.de\/index.php?rest_route=%2Fwp%2Fv2%2Ftags&post=899"}],"curies":[{"name":"wp","href":"https:\/\/api.w.org\/{rel}","templated":true}]}}