{"id":937,"date":"2015-05-13T10:51:54","date_gmt":"2015-05-13T08:51:54","guid":{"rendered":"http:\/\/waldkritik.de\/?p=937"},"modified":"2016-09-11T11:50:24","modified_gmt":"2016-09-11T09:50:24","slug":"boeden-sind-die-haut-der-erde","status":"publish","type":"post","link":"https:\/\/waldkritik.de\/?p=937","title":{"rendered":"B\u00f6den sind die Haut der Erde"},"content":{"rendered":"<p>Liebe Freunde von der Initiative &#8220;Waldkritik&#8221;,<\/p>\n<p>Die GR\u00dcNE Fraktion im Landtag setzt sich seit Regierungsantritt f\u00fcr den Erhalt gesunder B\u00f6den im Land ein, die ein elementarer Bestandteil eines funktionierenden \u00d6kosystems sind. Im &#8220;Jahr des Bodens&#8221; ist es nun an der Zeit, Bilanz zu ziehen.<\/p>\n<p>Deshalb kann man auf der WebSeite der Gr\u00fcnen folgenden Beitrag lesen. Bitte klicken Sie <a title=\"B\u00f6den\" href=\"http:\/\/www.gruene-landtag-bw.de\/themen\/umwelt-energie\/boeden-sind-die-haut-der-erde.html\" target=\"_blank\"><span style=\"color: #ff0000;\"><strong>hier!<\/strong><\/span><\/a><span style=\"color: #000000;\">\u00a0 und bilden Sie sich selbst ein Urteil&#8230;<\/span><\/p>\n","protected":false},"excerpt":{"rendered":"<p>Liebe Freunde von der Initiative &#8220;Waldkritik&#8221;, Die GR\u00dcNE Fraktion im Landtag setzt sich seit Regierungsantritt f\u00fcr den Erhalt gesunder B\u00f6den im Land ein, die ein elementarer Bestandteil eines funktionierenden \u00d6kosystems sind. Im &#8220;Jahr des Bodens&#8221; ist es nun an der Zeit, Bilanz zu ziehen. Deshalb kann man auf der WebSeite der Gr\u00fcnen folgenden Beitrag lesen. &hellip; <a href=\"https:\/\/waldkritik.de\/?p=937\" class=\"more-link\"><span class=\"screen-reader-text\">B\u00f6den sind die Haut der Erde<\/span> weiterlesen <span class=\"meta-nav\">&rarr;<\/span><\/a><\/p>\n","protected":false},"author":1,"featured_media":0,"comment_status":"open","ping_status":"closed","sticky":false,"template":"","format":"standard","meta":{"footnotes":""},"categories":[1],"tags":[767,773,155,776,774,769,775,766,763,494,777,770,768,778,772,771],"class_list":["post-937","post","type-post","status-publish","format-standard","hentry","category-der-wald","tag-bernd-murschel","tag-bodenbildung","tag-bodenfruchtbarkeit","tag-bodenfunktion","tag-degradierung","tag-filter","tag-flaechenversiegelung","tag-gruene-landtag-bw","tag-jahr-des-bodens","tag-klima","tag-klimaschutz","tag-kohlenstoffspeicher","tag-lebensgrundlage","tag-schutz-der-boeden","tag-un","tag-wasserkreislauf"],"_links":{"self":[{"href":"https:\/\/waldkritik.de\/index.php?rest_route=\/wp\/v2\/posts\/937","targetHints":{"allow":["GET"]}}],"collection":[{"href":"https:\/\/waldkritik.de\/index.php?rest_route=\/wp\/v2\/posts"}],"about":[{"href":"https:\/\/waldkritik.de\/index.php?rest_route=\/wp\/v2\/types\/post"}],"author":[{"embeddable":true,"href":"https:\/\/waldkritik.de\/index.php?rest_route=\/wp\/v2\/users\/1"}],"replies":[{"embeddable":true,"href":"https:\/\/waldkritik.de\/index.php?rest_route=%2Fwp%2Fv2%2Fcomments&post=937"}],"version-history":[{"count":4,"href":"https:\/\/waldkritik.de\/index.php?rest_route=\/wp\/v2\/posts\/937\/revisions"}],"predecessor-version":[{"id":1793,"href":"https:\/\/waldkritik.de\/index.php?rest_route=\/wp\/v2\/posts\/937\/revisions\/1793"}],"wp:attachment":[{"href":"https:\/\/waldkritik.de\/index.php?rest_route=%2Fwp%2Fv2%2Fmedia&parent=937"}],"wp:term":[{"taxonomy":"category","embeddable":true,"href":"https:\/\/waldkritik.de\/index.php?rest_route=%2Fwp%2Fv2%2Fcategories&post=937"},{"taxonomy":"post_tag","embeddable":true,"href":"https:\/\/waldkritik.de\/index.php?rest_route=%2Fwp%2Fv2%2Ftags&post=937"}],"curies":[{"name":"wp","href":"https:\/\/api.w.org\/{rel}","templated":true}]}}