{"id":943,"date":"2015-05-12T13:15:23","date_gmt":"2015-05-12T11:15:23","guid":{"rendered":"http:\/\/waldkritik.de\/?p=943"},"modified":"2015-05-20T13:34:05","modified_gmt":"2015-05-20T11:34:05","slug":"lesetipp-das-6-sterben","status":"publish","type":"post","link":"https:\/\/waldkritik.de\/?p=943","title":{"rendered":"Lesetipp: Das 6. Sterben"},"content":{"rendered":"<p>&nbsp;<\/p>\n<p><a href=\"https:\/\/waldkritik.de\/wp-content\/uploads\/2015\/05\/das-6-sterben.jpg\"><img loading=\"lazy\" decoding=\"async\" class=\"alignleft size-full wp-image-944\" src=\"https:\/\/waldkritik.de\/wp-content\/uploads\/2015\/05\/das-6-sterben.jpg\" alt=\"das 6 sterben\" width=\"183\" height=\"275\" \/><\/a><\/p>\n<p>Liebe Freunde des Waldes,<\/p>\n<p>Wir m\u00f6chten Sie heute auf ein besonders lohnendes Buch, das in der S\u00fcddeutschen Zeitung besprochen wurde, aufmerksam machen.<\/p>\n<p>Klicken Sie <a title=\"Das 6. Sterben\" href=\"http:\/\/www.sueddeutsche.de\/wissen\/sachbuch-das-ding-mit-den-federn-1.2478052\" target=\"_blank\"><span style=\"color: #ff0000;\"><strong>HIER<\/strong><\/span><\/a> um zu dem Beitrag in der S\u00fcddeutschen zu gelangen.<\/p>\n<p>&nbsp;<\/p>\n","protected":false},"excerpt":{"rendered":"<p>&nbsp; Liebe Freunde des Waldes, Wir m\u00f6chten Sie heute auf ein besonders lohnendes Buch, das in der S\u00fcddeutschen Zeitung besprochen wurde, aufmerksam machen. Klicken Sie HIER um zu dem Beitrag in der S\u00fcddeutschen zu gelangen. &nbsp;<\/p>\n","protected":false},"author":1,"featured_media":0,"comment_status":"open","ping_status":"closed","sticky":false,"template":"","format":"standard","meta":{"footnotes":""},"categories":[54],"tags":[],"class_list":["post-943","post","type-post","status-publish","format-standard","hentry","category-buch-und-lesetipps"],"_links":{"self":[{"href":"https:\/\/waldkritik.de\/index.php?rest_route=\/wp\/v2\/posts\/943","targetHints":{"allow":["GET"]}}],"collection":[{"href":"https:\/\/waldkritik.de\/index.php?rest_route=\/wp\/v2\/posts"}],"about":[{"href":"https:\/\/waldkritik.de\/index.php?rest_route=\/wp\/v2\/types\/post"}],"author":[{"embeddable":true,"href":"https:\/\/waldkritik.de\/index.php?rest_route=\/wp\/v2\/users\/1"}],"replies":[{"embeddable":true,"href":"https:\/\/waldkritik.de\/index.php?rest_route=%2Fwp%2Fv2%2Fcomments&post=943"}],"version-history":[{"count":3,"href":"https:\/\/waldkritik.de\/index.php?rest_route=\/wp\/v2\/posts\/943\/revisions"}],"predecessor-version":[{"id":946,"href":"https:\/\/waldkritik.de\/index.php?rest_route=\/wp\/v2\/posts\/943\/revisions\/946"}],"wp:attachment":[{"href":"https:\/\/waldkritik.de\/index.php?rest_route=%2Fwp%2Fv2%2Fmedia&parent=943"}],"wp:term":[{"taxonomy":"category","embeddable":true,"href":"https:\/\/waldkritik.de\/index.php?rest_route=%2Fwp%2Fv2%2Fcategories&post=943"},{"taxonomy":"post_tag","embeddable":true,"href":"https:\/\/waldkritik.de\/index.php?rest_route=%2Fwp%2Fv2%2Ftags&post=943"}],"curies":[{"name":"wp","href":"https:\/\/api.w.org\/{rel}","templated":true}]}}