{"id":675,"count":1,"description":"","link":"https:\/\/waldkritik.de\/?tag=schaeden-im-schwaebisch-fraenkischen-wald","name":"Sch\u00e4den im Schw\u00e4bisch Fr\u00e4nkischen Wald","slug":"schaeden-im-schwaebisch-fraenkischen-wald","taxonomy":"post_tag","meta":[],"_links":{"self":[{"href":"https:\/\/waldkritik.de\/index.php?rest_route=\/wp\/v2\/tags\/675","targetHints":{"allow":["GET"]}}],"collection":[{"href":"https:\/\/waldkritik.de\/index.php?rest_route=\/wp\/v2\/tags"}],"about":[{"href":"https:\/\/waldkritik.de\/index.php?rest_route=\/wp\/v2\/taxonomies\/post_tag"}],"wp:post_type":[{"href":"https:\/\/waldkritik.de\/index.php?rest_route=%2Fwp%2Fv2%2Fposts&tags=675"}],"curies":[{"name":"wp","href":"https:\/\/api.w.org\/{rel}","templated":true}]}}